{"id":1172,"date":"2009-10-13T16:39:03","date_gmt":"2009-10-13T16:39:03","guid":{"rendered":"http:\/\/new.kardoskut.hu\/?p=1172"},"modified":"2017-11-21T16:41:24","modified_gmt":"2017-11-21T16:41:24","slug":"idosek-vilagnapja-a-klubban","status":"publish","type":"post","link":"https:\/\/www.kardoskut.hu\/?p=1172","title":{"rendered":"Id\u0151sek vil\u00e1gnapja a klubban"},"content":{"rendered":"<figure id=\"attachment_1173\" aria-describedby=\"caption-attachment-1173\" style=\"width: 912px\" class=\"wp-caption alignnone\"><a href=\"https:\/\/www.flickr.com\/photos\/kardoskuthu\/albums\/72157658993007808\"><img loading=\"lazy\" decoding=\"async\" class=\"size-full wp-image-1173\" src=\"http:\/\/new.kardoskut.hu\/wp-content\/uploads\/2017\/11\/idosek_vilagnapja_2009_10_13-5.jpg\" alt=\"\" width=\"912\" height=\"684\" srcset=\"https:\/\/www.kardoskut.hu\/wp-content\/uploads\/2017\/11\/idosek_vilagnapja_2009_10_13-5.jpg 912w, https:\/\/www.kardoskut.hu\/wp-content\/uploads\/2017\/11\/idosek_vilagnapja_2009_10_13-5-300x225.jpg 300w, https:\/\/www.kardoskut.hu\/wp-content\/uploads\/2017\/11\/idosek_vilagnapja_2009_10_13-5-768x576.jpg 768w\" sizes=\"auto, (max-width: 767px) 89vw, (max-width: 1000px) 54vw, (max-width: 1071px) 543px, 580px\" \/><\/a><figcaption id=\"caption-attachment-1173\" class=\"wp-caption-text\">Tov\u00e1bbi fot\u00f3k\u00e9rt k\u00e9rem, kattintson a fenti k\u00e9pre. (Fot\u00f3k: VP.)<\/figcaption><\/figure>\n<p>1991-ben az ENSZ K\u00f6zgy\u0171l\u00e9se okt\u00f3ber 1-\u00e9t az Id\u0151sek Vil\u00e1gnapj\u00e1v\u00e1 nyilv\u00e1n\u00edtotta. A helyi nyugd\u00edjas klubban is \u00fcnnepelt\u00fcnk, megk\u00f6sz\u00f6ntve az idei \u00e9v kerek sz\u00fclet\u00e9snaposait. 2009-ben a szok\u00e1sosn\u00e1l t\u00f6bb k\u00f6sz\u00f6nt\u00f6tt\u00fcnk volt, egy 80 \u00e9ves, h\u00e1rom 70 \u00e9ves \u00e9s n\u00e9gy 55 \u00e9ves klubtagunkat k\u00f6sz\u00f6nt\u00f6tt\u00fck fel. K\u00fcl\u00f6n m\u00e9ltat\u00e1sban r\u00e9szes\u00fclt a tags\u00e1g \u00e1ltal Kocsis J\u00e1nosn\u00e9 Jusztika n\u00e9ni, klubunk legid\u0151sebb akt\u00edv tagja, aki a napokban \u00fcnnepli 87. sz\u00fclet\u00e9snapj\u00e1t. Mindannyiuknak eg\u00e9szs\u00e9gben elt\u00f6lt\u00f6tt, hossz\u00fa boldog \u00e9letet k\u00edv\u00e1nunk ez\u00faton is!<\/p>\n","protected":false},"excerpt":{"rendered":"<p>1991-ben az ENSZ K\u00f6zgy\u0171l\u00e9se okt\u00f3ber 1-\u00e9t az Id\u0151sek Vil\u00e1gnapj\u00e1v\u00e1 nyilv\u00e1n\u00edtotta. A helyi nyugd\u00edjas klubban is \u00fcnnepelt\u00fcnk, megk\u00f6sz\u00f6ntve az idei \u00e9v kerek sz\u00fclet\u00e9snaposait. 2009-ben a szok\u00e1sosn\u00e1l t\u00f6bb k\u00f6sz\u00f6nt\u00f6tt\u00fcnk volt, egy 80 \u00e9ves, h\u00e1rom 70 \u00e9ves \u00e9s n\u00e9gy 55 \u00e9ves klubtagunkat k\u00f6sz\u00f6nt\u00f6tt\u00fck fel. K\u00fcl\u00f6n m\u00e9ltat\u00e1sban r\u00e9szes\u00fclt a tags\u00e1g \u00e1ltal Kocsis J\u00e1nosn\u00e9 Jusztika n\u00e9ni, klubunk legid\u0151sebb akt\u00edv tagja, &hellip; <\/p>\n<p class=\"link-more\"><a href=\"https:\/\/www.kardoskut.hu\/?p=1172\" class=\"more-link\"><span class=\"screen-reader-text\">&#8222;Id\u0151sek vil\u00e1gnapja a klubban&#8221;<\/span> b\u0151vebben<\/a><\/p>\n","protected":false},"author":1,"featured_media":0,"comment_status":"closed","ping_status":"closed","sticky":false,"template":"","format":"standard","meta":{"footnotes":""},"categories":[11],"tags":[],"class_list":["post-1172","post","type-post","status-publish","format-standard","hentry","category-11"],"_links":{"self":[{"href":"https:\/\/www.kardoskut.hu\/index.php?rest_route=\/wp\/v2\/posts\/1172","targetHints":{"allow":["GET"]}}],"collection":[{"href":"https:\/\/www.kardoskut.hu\/index.php?rest_route=\/wp\/v2\/posts"}],"about":[{"href":"https:\/\/www.kardoskut.hu\/index.php?rest_route=\/wp\/v2\/types\/post"}],"author":[{"embeddable":true,"href":"https:\/\/www.kardoskut.hu\/index.php?rest_route=\/wp\/v2\/users\/1"}],"replies":[{"embeddable":true,"href":"https:\/\/www.kardoskut.hu\/index.php?rest_route=%2Fwp%2Fv2%2Fcomments&post=1172"}],"version-history":[{"count":1,"href":"https:\/\/www.kardoskut.hu\/index.php?rest_route=\/wp\/v2\/posts\/1172\/revisions"}],"predecessor-version":[{"id":1174,"href":"https:\/\/www.kardoskut.hu\/index.php?rest_route=\/wp\/v2\/posts\/1172\/revisions\/1174"}],"wp:attachment":[{"href":"https:\/\/www.kardoskut.hu\/index.php?rest_route=%2Fwp%2Fv2%2Fmedia&parent=1172"}],"wp:term":[{"taxonomy":"category","embeddable":true,"href":"https:\/\/www.kardoskut.hu\/index.php?rest_route=%2Fwp%2Fv2%2Fcategories&post=1172"},{"taxonomy":"post_tag","embeddable":true,"href":"https:\/\/www.kardoskut.hu\/index.php?rest_route=%2Fwp%2Fv2%2Ftags&post=1172"}],"curies":[{"name":"wp","href":"https:\/\/api.w.org\/{rel}","templated":true}]}}