{"id":1129,"date":"2009-08-26T15:17:50","date_gmt":"2009-08-26T15:17:50","guid":{"rendered":"http:\/\/new.kardoskut.hu\/?p=1129"},"modified":"2017-11-21T15:22:18","modified_gmt":"2017-11-21T15:22:18","slug":"muffin-sutes","status":"publish","type":"post","link":"https:\/\/www.kardoskut.hu\/?p=1129","title":{"rendered":"Muffin s\u00fct\u00e9s"},"content":{"rendered":"<figure id=\"attachment_1130\" aria-describedby=\"caption-attachment-1130\" style=\"width: 800px\" class=\"wp-caption alignnone\"><a href=\"http:\/\/new.kardoskut.hu\/wp-content\/uploads\/2017\/11\/muffin_sutes_2009-08_5.jpg\"><img loading=\"lazy\" decoding=\"async\" class=\"size-full wp-image-1130\" src=\"http:\/\/new.kardoskut.hu\/wp-content\/uploads\/2017\/11\/muffin_sutes_2009-08_5.jpg\" alt=\"\" width=\"800\" height=\"600\" srcset=\"https:\/\/www.kardoskut.hu\/wp-content\/uploads\/2017\/11\/muffin_sutes_2009-08_5.jpg 800w, https:\/\/www.kardoskut.hu\/wp-content\/uploads\/2017\/11\/muffin_sutes_2009-08_5-300x225.jpg 300w, https:\/\/www.kardoskut.hu\/wp-content\/uploads\/2017\/11\/muffin_sutes_2009-08_5-768x576.jpg 768w\" sizes=\"auto, (max-width: 767px) 89vw, (max-width: 1000px) 54vw, (max-width: 1071px) 543px, 580px\" \/><\/a><figcaption id=\"caption-attachment-1130\" class=\"wp-caption-text\">(Fot\u00f3k: VP.)<\/figcaption><\/figure>\n<p>Ezen a h\u00e9ten szerda d\u00e9lel\u0151tt ben\u00e9pesedett a m\u0171vel\u0151d\u00e9si h\u00e1z konyh\u00e1ja. Kevert\u00fcnk &#8211; kavartunk, s\u00fct\u00f6tt\u00fcnk &#8211; f\u0151zt\u00fcnk egy\u00fctt sok lelkes gyermek \u00f6r\u00f6m\u00e9re az utols\u00f3 ny\u00e1ri sz\u00fcnetben tartott foglalkoz\u00e1sunkon. M\u00e9g a kisfi\u00fak is \u00e9rdekl\u0151dve kapcsol\u00f3dtak be a l\u00e1nyosnak mondott konyhai teend\u0151k elv\u00e9gz\u00e9s\u00e9be. Most muffin-t s\u00fct\u00f6tt\u00fcnk k\u00e9t csoportban, mindenki m\u00e1sk\u00e9ppen \u00edzes\u00edtette a finom falatokat. Volt kaka\u00f3s, csokis, baracklekv\u00e1ros \u00e9s kand\u00edrozott naranccsal \u00edzes\u00edtett is. Am\u00edg s\u00fclt a muffin, azalatt pedig van\u00edli\u00e1s pudingot f\u0151zt\u00fcnk, hogy m\u00e9g teljesebb legyen a paletta. Ami \u00e9rdekes volt sz\u00e1munkra az, hogy a gyerekek mond\u00e1s n\u00e9lk\u00fcl \u00f6r\u00f6mmel vittek haza k\u00f3stol\u00f3ba abb\u00f3l, amit maguk k\u00e9sz\u00edtettek. Mivel mindenki j\u00f3l \u00e9rezte mag\u00e1t \u00e9s k\u00f6zben j\u00e1rtass\u00e1got is szereztek a muffin s\u00fct\u00e9sben elmondhatjuk, hogy ism\u00e9telten hasznosan telt el ez a szerda d\u00e9lel\u0151tt is. K\u00f6z\u00f6sen elhat\u00e1roztuk, hogy a tan\u00e9v folyam\u00e1n\u00a0 \u00fajra tal\u00e1lkozunk havonta egy szombat d\u00e9lut\u00e1n, hogy a tanul\u00e1s mellett \u00a0k\u00e9z\u00fcgyess\u00e9g\u00fcnket is tov\u00e1bbfejlessz\u00fck \u00e9s sok \u00e9rdekes dolgot k\u00e9sz\u00edts\u00fcnk egy\u00fctt. K\u00f6sz\u00f6n\u00f6m kitart\u00f3 seg\u00edts\u00e9g\u00e9t Andr\u00e9k\u00f3 P\u00e1ln\u00e9 Kati n\u00e9ninek!<\/p>\n<p><a href=\"http:\/\/new.kardoskut.hu\/wp-content\/uploads\/2017\/11\/muffin_sutes_2009-08_2.jpg\"><img loading=\"lazy\" decoding=\"async\" class=\"alignnone size-full wp-image-1131\" src=\"http:\/\/new.kardoskut.hu\/wp-content\/uploads\/2017\/11\/muffin_sutes_2009-08_2.jpg\" alt=\"\" width=\"800\" height=\"600\" srcset=\"https:\/\/www.kardoskut.hu\/wp-content\/uploads\/2017\/11\/muffin_sutes_2009-08_2.jpg 800w, https:\/\/www.kardoskut.hu\/wp-content\/uploads\/2017\/11\/muffin_sutes_2009-08_2-300x225.jpg 300w, https:\/\/www.kardoskut.hu\/wp-content\/uploads\/2017\/11\/muffin_sutes_2009-08_2-768x576.jpg 768w\" sizes=\"auto, (max-width: 767px) 89vw, (max-width: 1000px) 54vw, (max-width: 1071px) 543px, 580px\" \/><\/a> <a href=\"http:\/\/new.kardoskut.hu\/wp-content\/uploads\/2017\/11\/muffin_sutes_2009-08_6.jpg\"><img loading=\"lazy\" decoding=\"async\" class=\"alignnone size-full wp-image-1133\" src=\"http:\/\/new.kardoskut.hu\/wp-content\/uploads\/2017\/11\/muffin_sutes_2009-08_6.jpg\" alt=\"\" width=\"800\" height=\"600\" srcset=\"https:\/\/www.kardoskut.hu\/wp-content\/uploads\/2017\/11\/muffin_sutes_2009-08_6.jpg 800w, https:\/\/www.kardoskut.hu\/wp-content\/uploads\/2017\/11\/muffin_sutes_2009-08_6-300x225.jpg 300w, https:\/\/www.kardoskut.hu\/wp-content\/uploads\/2017\/11\/muffin_sutes_2009-08_6-768x576.jpg 768w\" sizes=\"auto, (max-width: 767px) 89vw, (max-width: 1000px) 54vw, (max-width: 1071px) 543px, 580px\" \/><\/a> <a href=\"http:\/\/new.kardoskut.hu\/wp-content\/uploads\/2017\/11\/muffin_sutes_2009-08_8.jpg\"><img loading=\"lazy\" decoding=\"async\" class=\"alignnone size-full wp-image-1134\" src=\"http:\/\/new.kardoskut.hu\/wp-content\/uploads\/2017\/11\/muffin_sutes_2009-08_8.jpg\" alt=\"\" width=\"800\" height=\"600\" srcset=\"https:\/\/www.kardoskut.hu\/wp-content\/uploads\/2017\/11\/muffin_sutes_2009-08_8.jpg 800w, https:\/\/www.kardoskut.hu\/wp-content\/uploads\/2017\/11\/muffin_sutes_2009-08_8-300x225.jpg 300w, https:\/\/www.kardoskut.hu\/wp-content\/uploads\/2017\/11\/muffin_sutes_2009-08_8-768x576.jpg 768w\" sizes=\"auto, (max-width: 767px) 89vw, (max-width: 1000px) 54vw, (max-width: 1071px) 543px, 580px\" \/><\/a><\/p>\n","protected":false},"excerpt":{"rendered":"<p>Ezen a h\u00e9ten szerda d\u00e9lel\u0151tt ben\u00e9pesedett a m\u0171vel\u0151d\u00e9si h\u00e1z konyh\u00e1ja. Kevert\u00fcnk &#8211; kavartunk, s\u00fct\u00f6tt\u00fcnk &#8211; f\u0151zt\u00fcnk egy\u00fctt sok lelkes gyermek \u00f6r\u00f6m\u00e9re az utols\u00f3 ny\u00e1ri sz\u00fcnetben tartott foglalkoz\u00e1sunkon. M\u00e9g a kisfi\u00fak is \u00e9rdekl\u0151dve kapcsol\u00f3dtak be a l\u00e1nyosnak mondott konyhai teend\u0151k elv\u00e9gz\u00e9s\u00e9be. Most muffin-t s\u00fct\u00f6tt\u00fcnk k\u00e9t csoportban, mindenki m\u00e1sk\u00e9ppen \u00edzes\u00edtette a finom falatokat. Volt kaka\u00f3s, csokis, baracklekv\u00e1ros &hellip; <\/p>\n<p class=\"link-more\"><a href=\"https:\/\/www.kardoskut.hu\/?p=1129\" class=\"more-link\"><span class=\"screen-reader-text\">&#8222;Muffin s\u00fct\u00e9s&#8221;<\/span> b\u0151vebben<\/a><\/p>\n","protected":false},"author":1,"featured_media":0,"comment_status":"closed","ping_status":"closed","sticky":false,"template":"","format":"standard","meta":{"footnotes":""},"categories":[11],"tags":[],"class_list":["post-1129","post","type-post","status-publish","format-standard","hentry","category-11"],"_links":{"self":[{"href":"https:\/\/www.kardoskut.hu\/index.php?rest_route=\/wp\/v2\/posts\/1129","targetHints":{"allow":["GET"]}}],"collection":[{"href":"https:\/\/www.kardoskut.hu\/index.php?rest_route=\/wp\/v2\/posts"}],"about":[{"href":"https:\/\/www.kardoskut.hu\/index.php?rest_route=\/wp\/v2\/types\/post"}],"author":[{"embeddable":true,"href":"https:\/\/www.kardoskut.hu\/index.php?rest_route=\/wp\/v2\/users\/1"}],"replies":[{"embeddable":true,"href":"https:\/\/www.kardoskut.hu\/index.php?rest_route=%2Fwp%2Fv2%2Fcomments&post=1129"}],"version-history":[{"count":1,"href":"https:\/\/www.kardoskut.hu\/index.php?rest_route=\/wp\/v2\/posts\/1129\/revisions"}],"predecessor-version":[{"id":1135,"href":"https:\/\/www.kardoskut.hu\/index.php?rest_route=\/wp\/v2\/posts\/1129\/revisions\/1135"}],"wp:attachment":[{"href":"https:\/\/www.kardoskut.hu\/index.php?rest_route=%2Fwp%2Fv2%2Fmedia&parent=1129"}],"wp:term":[{"taxonomy":"category","embeddable":true,"href":"https:\/\/www.kardoskut.hu\/index.php?rest_route=%2Fwp%2Fv2%2Fcategories&post=1129"},{"taxonomy":"post_tag","embeddable":true,"href":"https:\/\/www.kardoskut.hu\/index.php?rest_route=%2Fwp%2Fv2%2Ftags&post=1129"}],"curies":[{"name":"wp","href":"https:\/\/api.w.org\/{rel}","templated":true}]}}