{"id":1126,"date":"2009-08-22T15:14:32","date_gmt":"2009-08-22T15:14:32","guid":{"rendered":"http:\/\/new.kardoskut.hu\/?p=1126"},"modified":"2017-11-21T15:17:34","modified_gmt":"2017-11-21T15:17:34","slug":"nyugdijas-vers-es-prozairo-dijkioszto","status":"publish","type":"post","link":"https:\/\/www.kardoskut.hu\/?p=1126","title":{"rendered":"Nyugd\u00edjas Vers- \u00e9s Pr\u00f3za\u00edr\u00f3 d\u00edjkioszt\u00f3"},"content":{"rendered":"<figure id=\"attachment_1125\" aria-describedby=\"caption-attachment-1125\" style=\"width: 551px\" class=\"wp-caption alignnone\"><a href=\"http:\/\/new.kardoskut.hu\/wp-content\/uploads\/2017\/11\/borito_ant_2009.jpg\"><img loading=\"lazy\" decoding=\"async\" class=\"size-full wp-image-1125\" src=\"http:\/\/new.kardoskut.hu\/wp-content\/uploads\/2017\/11\/borito_ant_2009.jpg\" alt=\"\" width=\"551\" height=\"798\" srcset=\"https:\/\/www.kardoskut.hu\/wp-content\/uploads\/2017\/11\/borito_ant_2009.jpg 551w, https:\/\/www.kardoskut.hu\/wp-content\/uploads\/2017\/11\/borito_ant_2009-207x300.jpg 207w\" sizes=\"auto, (max-width: 551px) 100vw, 551px\" \/><\/a><figcaption id=\"caption-attachment-1125\" class=\"wp-caption-text\">(Fot\u00f3: VP.)<\/figcaption><\/figure>\n<p>Az idei \u00e9vben is meghirdette a M\u00f3ra Ferenc M\u0171vel\u0151d\u00e9si H\u00e1z \u00e9s K\u00f6zs\u00e9gi K\u00f6nyvt\u00e1r a Nyugd\u00edjas Vers- \u00e9s Pr\u00f3za\u00edr\u00f3 P\u00e1ly\u00e1zat\u00e1t k\u00e9t kateg\u00f3ri\u00e1ban. Az idei megm\u00e9rettet\u00e9sre t\u00f6bb mint 50 p\u00e1ly\u00e1z\u00f3 adta be p\u00e1lyamunk\u00e1it vers- illetve pr\u00f3za kateg\u00f3ri\u00e1ban. A t\u00f6bbs\u00e9g\u00fckben a k\u00f6rnyez\u0151 megy\u00e9k telep\u00fcl\u00e9seir\u0151l be\u00e9rkezett p\u00e1lyam\u0171vek mellett a hat\u00e1rainkon t\u00falr\u00f3l is \u00e9rkezett p\u00e1ly\u00e1zat: kett\u0151 a testv\u00e9rtelep\u00fcl\u00e9seinkr\u0151l, illetve egy Aradr\u00f3l. A nagy sz\u00e1mban megjelent vend\u00e9gek el\u0151tt Dr. H\u00e9vv\u00edzi S\u00e1ndor irodalomt\u00f6rt\u00e9n\u00e9sz \u00far \u00e9rt\u00e9kel\u00e9se ut\u00e1n most is felolvas\u00e1sra ker\u00fcltek a d\u00edjazott alkot\u00f3kt\u00f3l versek, illetve pr\u00f3zar\u00e9szletek. Ez\u00faton k\u00f6sz\u00f6n\u00f6m meg t\u00e1mogat\u00f3inknak j\u00f3indulat\u00fa seg\u00edts\u00e9g\u00e9t, kiemelve Kardosk\u00fat K\u00f6zs\u00e9g K\u00f6zalap\u00edtv\u00e1ny\u00e1nak a 2009. \u00e9vi Kardosk\u00fati Antol\u00f3gia nyomdai k\u00f6lts\u00e9geihez ny\u00fajtott hozz\u00e1j\u00e1rul\u00e1s\u00e1t. Az \u00fcnneps\u00e9g hivatalos r\u00e9sze ut\u00e1n ki-ki verssel \u00e9s \u00e9nekl\u00e9ssel sz\u00f3rakoztatta alkot\u00f3t\u00e1rsait. \u00d6r\u00fcl\u00f6k, hogy kis k\u00f6zs\u00e9g\u00fcnkben \u00e9l ennek a sz\u00e9p irodalmi p\u00e1ly\u00e1zatnak a szeretete, hagyom\u00e1nya.<\/p>\n<p><strong>El\u0151sz\u00f3<\/strong><strong><br \/>\n<\/strong>Lassan negyed\u00e9vsz\u00e1zada, 22. alkalommal ker\u00fcl megrendez\u00e9sre a B\u00e9k\u00e9s megye d\u00e9li r\u00e9szen tal\u00e1lhat\u00f3 kisfaluban: Kardosk\u00faton a M\u00f3ra Ferenc M\u0171vel\u0151d\u00e9si h\u00e1zban a Nyugd\u00edjas Vers- \u00e9s Pr\u00f3za\u00edr\u00f3 p\u00e1ly\u00e1zat d\u00edjkioszt\u00f3 \u00fcnneps\u00e9ge. Tekinthetj\u00fck \u00fagyis, hogy szinte m\u00e1r hagyom\u00e1nny\u00e1 v\u00e1lt ez a ny\u00e1ri hangulatos rendezv\u00e9ny, hiszen minden \u00e9vben n\u00f6vekszik az \u00e9rdekl\u0151d\u0151k sz\u00e1ma, mind a p\u00e1ly\u00e1zatban r\u00e9szvev\u0151k mind az olvas\u00f3k \u00e9s hallgat\u00f3s\u00e1g vonatkoz\u00e1s\u00e1ban.\u00a0 Mi sem bizony\u00edtja jobban,\u00a0 hogy az \u00edr\u00e1sm\u0171veket tartalmaz\u00f3 Kardosk\u00fati Antol\u00f3gia minden \u00e9vben t\u00f6bb oldalsz\u00e1mmal jelenik meg. \u00d6r\u00f6m\u00a0 teljes\u00a0 dolog az,\u00a0 hogy a mai rohan\u00f3,\u00a0 szinte g\u00e9pies vil\u00e1gban,\u00a0 ahol\u00a0 tal\u00e1n\u00a0 egy kis \u201ealkatr\u00e9sznek&#8221;\u00a0 sz\u00e1m\u00edtunk\u00a0 mint ember,\u00a0 ezen kultur\u00e1lis ig\u00e9ny fennmaradt, \u00e9s nem\u00a0 csak a megy\u00e9ben \u00e9l\u0151 nyugd\u00edjasokat mozgatja meg, hanem folyamatosan n\u00f6vekszik azok sz\u00e1ma is akik az orsz\u00e1g k\u00fcl\u00f6nb\u00f6z\u0151 r\u00e9szeir\u0151l k\u00fcldenek verseket,\u00a0 pr\u00f3z\u00e1kat\u00a0 a\u00a0 p\u00e1ly\u00e1zat felh\u00edv\u00e1s\u00e1ra. Alkalom arra, hogy szellemi \u00e9rt\u00e9keket adjanak m\u00e1soknak,\u00a0 megismerj\u00e9k m\u00e1sok \u00e9rz\u00e9s- \u00e9s gondolat vil\u00e1g\u00e1t, valamint \u00faj ismerets\u00e9gek, bar\u00e1ts\u00e1gok sz\u00f6v\u0151djenek, \u00faj emberi kapcsolatok sz\u00fclessenek. Az antol\u00f3gi\u00e1t fellapoz\u00f3 olvas\u00f3 soksz\u00edn\u0171 v\u00e1ltozatos hangulat\u00fa verseket \u00e9s pr\u00f3zai \u00edr\u00e1sm\u0171veket tal\u00e1l ebben a kis k\u00f6tetben. \u00c9let-hal\u00e1l, s\u00edr\u00e1s-nevet\u00e9s, \u00f6r\u00f6m- b\u00e1nat, szeretet-gy\u0171l\u00f6let, mind ellent\u00e9tes szavak, de m\u00e9gis k\u00f6z\u00f6s nevez\u0151re hozhat\u00f3: emberi \u00e9rz\u00e9s, \u00e9rzelem, amely sz\u00e1m\u00edt\u00f3g\u00e9pes programmal nem \u00edrhat\u00f3 mert az, az emberi testben, l\u00e9lekben lakozik. Sorsok, \u00e9lethelyzetek, pillanatnyi \u00e9letk\u00e9pek, \u00e9rzelmek, gondolatok k\u00e9sztett\u00e9k \u00edr\u00f3ikat, hogy azokat pap\u00edrra vess\u00e9k, \u00e9s m\u00e1sok sz\u00e1m\u00e1ra is ismert\u00e9 tehess\u00e9k. K\u00f6sz\u00f6net azoknak akik alkot\u00e1saikkal gazdag\u00edtott\u00e1k e k\u00f6nyv lapjait, \u00e9s k\u00f6sz\u00f6net azoknak, akik f\u00e1radhatatlanul \u00e9s kitart\u00f3an tesznek az\u00e9rt, hogy ez a kultur\u00e1lis rendezv\u00e9ny minden \u00e9vben megval\u00f3sulhasson,\u00a0\u00a0 \u00e9s\u00a0\u00a0 t\u00e1mogat\u00e1s\u00e1val hozz\u00e1j\u00e1rul,\u00a0\u00a0 hogy\u00a0 a\u00a0 Kardosk\u00fati\u00a0\u00a0 Antol\u00f3gi\u00e1ban\u00a0 ezen \u00edr\u00e1sm\u0171vek az ut\u00f3kor sz\u00e1m\u00e1ra is megmaradhassanak. B\u00edzunk abban, hogy ez a hagyom\u00e1ny nem t\u00f6rik meg, \u00e9s m\u00e9g sok \u00e9ven \u00e1t mind az \u00edr\u00f3k, mind az olvas\u00f3k \u00f6r\u00f6m\u00e9re minden \u00e9vben megjelenhet a p\u00e1ly\u00e1zat anyagaib\u00f3l \u00f6ssze\u00e1ll\u00edtott k\u00f6nyv.<\/p>\n<p>Kardosk\u00fat, 2009. j\u00falius 15.<\/p>\n<p><strong>Kulima Istv\u00e1nn\u00e9<br \/>\n<\/strong>Kardosk\u00fat K\u00f6zs\u00e9g\u00e9rt K\u00f6zalap\u00edtv\u00e1ny Kurat\u00f3rium eln\u00f6ke<\/p>\n<p>&nbsp;<\/p>\n<p><strong>F\u00e9ny<br \/>\n<\/strong>Keresem a f\u00e9nyt, mit elvettek t\u0151lem.<br \/>\nEgy csillagot mely n\u00e9kem ragyogott.<br \/>\nEr\u0151sen fogtam, szor\u00edtottam ,de a harcban legy\u0151ztek.<br \/>\nMeleg kez\u00e9t, gy\u00f6ny\u00f6r\u0171 arc\u00e1t, kedves tekintet\u00e9t<br \/>\nmag\u00e1val vitte a gy\u0151ztes .<br \/>\nDe egyet nem tudott elvinni t\u0151lem .<br \/>\nA sz\u00edv\u00e9t, mert azt az \u00e9n sz\u00edvembe z\u00e1rtam .<br \/>\nAz eny\u00e9mmel egy\u00fctt ver \u00fctemesen az\u00f3ta.<br \/>\nZokog\u00f3 hangon s\u00fagja, \u00e9lj , \u00e9lj , neked \u00e9lned kell.<br \/>\nKicsi gy\u00e9m\u00e1ntjaink csiszolnod kell.<br \/>\nAz\u00f3ta az \u00e9gbolton keresem, de megtal\u00e1lom<br \/>\nkeres\u00e9s n\u00e9lk\u00fcl.<br \/>\nHiszen nem ragyog \u00fagy f\u00e9ny az \u00e9gen mint az \u00f6v\u00e9 .<br \/>\nTudom, \u00e9rzem , hogy m\u00e9g ma is f\u00e9nysugaraival<br \/>\nSzeretet\u00e9t k\u00fcldi fel\u00e9m.<\/p>\n<p><strong>G\u0151ghn\u00e9 D\u00e1n Roz\u00e1lia<br \/>\n<\/strong>Kardosk\u00fat<\/p>\n<p>&nbsp;<\/p>\n<p><strong><u>A 2009-es Vers- \u00e9s Pr\u00f3za\u00edr\u00f3 P\u00e1ly\u00e1zat eredm\u00e9nye:<br \/>\n<\/u><\/strong><br \/>\n<strong><u>Vers kateg\u00f3ria<\/u><\/strong><strong><u><br \/>\n<\/u><\/strong>I. hely:<br \/>\nV\u00e1rkonyi Gyula (Szeged)<br \/>\nPelle Ferenc (B\u00e9k\u00e9scsaba)<\/p>\n<p>II. hely:<br \/>\nM\u00e1t\u00e9 Lajos (Debrecen)<br \/>\nL\u00e9n\u00e1rt &#8222;L\u00e9na&#8221; Ferenc (Orosh\u00e1za)<br \/>\nSzepsy Eleon\u00f3ra (Szeged)<\/p>\n<p>III. hely:<br \/>\nD\u00e1vid L\u00e1szl\u00f3 (Orosh\u00e1za)<br \/>\nGazsi J\u00e1nos (Budapest)<br \/>\nR\u00e1k\u00f3czi Rudolf G\u00e9za (Telekgerend\u00e1s)<\/p>\n<p><strong><u>K\u00fcl\u00f6nd\u00edjasok:<\/u><\/strong><br \/>\nBudai Istv\u00e1n (Szatymaz)<br \/>\nKardos Mih\u00e1lyn\u00e9 (H\u00f3dmez\u0151v\u00e1s\u00e1rhely)<br \/>\nHorv\u00e1t J\u00e1nosn\u00e9 (Battonya)<br \/>\nSurinya Antal (H\u00f3dmez\u0151v\u00e1s\u00e1rhely)<br \/>\nTuri S\u00e1ndor (Csan\u00e1dpalota)<br \/>\nPetri J\u00e1nosn\u00e9 (Telekgerend\u00e1s)<br \/>\nKar\u00e1csonyi L\u00e1szl\u00f3n\u00e9 (Gy\u00e1l)<br \/>\nD\u00f3cs Gy\u00f6rgy (Budapest)<\/p>\n<p><strong>Vigy\u00e1zz re\u00e1m<br \/>\n<\/strong><br \/>\nVigy\u00e1zz re\u00e1m a napnak<br \/>\nFelkel\u0151 ragyog\u00e1s\u00e1ban,<br \/>\nA hossz\u00fa \u00e1lmatlan \u00e9jszak\u00e1kon.<br \/>\nA munk\u00e1s h\u00e9tk\u00f6znapokban<br \/>\nAmikor a munk\u00e1t\u00f3l felt\u00f6redezik<br \/>\nA tenyer\u00fcnk \u00e9s nagyon elf\u00e1radunk.<br \/>\nVigy\u00e1zz akkor is, ha ny\u00edlnak<br \/>\nAz illatos vir\u00e1gok, ha z\u00f6ld\u00fcl az erd\u0151,<br \/>\n\u00c9s sz\u00e9pen \u00e9nekelnek a madarak,<br \/>\n\u00c9s t\u0151l\u00fck hangos lesz a vir\u00e1gos hat\u00e1r.<br \/>\nS a szell\u0151nek l\u00e1gy fuvallata meg\u00e9rinti arcunkat.<br \/>\nAkkor is gondolj r\u00e1m, ha elsz\u00e1llnak az<br \/>\nEgy\u00fctt t\u00f6lt\u00f6tt \u00e9vtizedek, amikor j\u00f3ban,<br \/>\n\u00c9s \u00f6r\u00f6mben, b\u00e1natban volt r\u00e9szem.<br \/>\nM\u00e9g akkor is, ha n\u00e9ha, n\u00e9ha megb\u00e1ntott az \u00e9let.<br \/>\nHa kint \u00e1llsz a naplementekor<br \/>\nHa felragyognak a ragyog\u00f3 csillagok,<br \/>\nS a holdnak sugarai. Akkor is gondolj r\u00e1m!<br \/>\nAkkor majd azt mondom, f\u00e1k, vir\u00e1gok<br \/>\nHozz\u00e1tok vissza a boldog \u00e9veket.<br \/>\nMenj\u00fcnk a vir\u00e1gos r\u00e9tre, szedj\u00fcnk egy csokor bokr\u00e9t\u00e1t.<br \/>\nAh\u00e1ny sz\u00e1l vir\u00e1g lesz benne, annyiszor gondolj r\u00e1m.<br \/>\nNy\u00fajtsd fel\u00e9m a kezed, \u00e9s nagyon vigy\u00e1zz r\u00e1m.<br \/>\nMert j\u00f6n a fekete lepke, mindent, de mindent<br \/>\nLez\u00e1r \u00f6r\u00f6kre. Akkor \u00e1llj oda mell\u00e9m, mondj el egy im\u00e1t<br \/>\nAkkor megnyugszom majd, mert tudom,<br \/>\nhogy mindent megbocs\u00e1jt.<br \/>\nM\u00e9g egyszer \u00e1lmodj velem, azt, hogy egy\u00fctt voltunk<br \/>\n\u00c9s \u00e9ppen az\u00e9rt, hogy szerett\u00fck egym\u00e1st<br \/>\nAzon, a m\u00e1jusi holdf\u00e9nyes \u00e9jszak\u00e1n.<\/p>\n<p><strong>Jobb Aranka<br \/>\n<\/strong>Erd\u00e9ly, Homor\u00f3ddar\u00f3c, 2007. december 29-\u00e9n<\/p>\n<p><strong>A sz\u00edv hidege<br \/>\n<\/strong><br \/>\nA sz\u00edv hideg\u00e9n\u00e9l nincs hidegebb,<br \/>\nGy\u0171l\u00f6let h\u0171t\u00f6tte, fagyos hideg.<br \/>\nAc\u00e9l karma ha lelkekbe v\u00e1j<br \/>\nFelt\u00f6r a b\u00e1nat, s\u00edrni musz\u00e1j.<\/p>\n<p>S\u00edrni kell, \u00e9s m\u00e9g felejteni<br \/>\nAz igazs\u00e1got is elrejteni.<br \/>\nV\u00e1dolni, marni, \u00f6lni ha kell<br \/>\nFeladni mindent, mindenkivel.<\/p>\n<p>Belerohanni a semmibe is<br \/>\nNe l\u00e1tni l\u00e9t\u00fcnk borzalmait.<br \/>\nDe a f\u00e1jdalom nem m\u00falik el<br \/>\nNem b\u00edr el semmi a sz\u00edv sebeivel.<\/p>\n<p>Arra csak egyetlen gy\u00f3gyszer vagyon<br \/>\nnem, vil\u00e1gi szerelem, t\u0171n\u0151 vagyon<br \/>\nnem, m\u00e1sn\u00e1l keresett bec\u00e9zget\u00e9s<br \/>\ncsak h\u0171s\u00e9g \u00e9s szeretet, hit \u00e9s rem\u00e9ny.<\/p>\n<p>H\u0171s\u00e9g ahhoz ki melletted \u00e1ll<br \/>\nElfogadni amilyen, t\u00e1n t\u00fal nagy \u00e1r.<br \/>\nKeresni kez\u00e9t, m\u00e9g ha elfordul is<br \/>\nSzeretni szem\u00e9t ha b\u00faskomor is.<\/p>\n<p>Ha f\u00e1jdalmat okoz is, eln\u00e9zni azt<br \/>\nAki megbocs\u00e1t nagy j\u00f3t tesz az.<br \/>\n\u00c9s j\u00f3t tenni nem b\u0171n, b\u00e1rmi legyen<br \/>\nDe szavakkal b\u00e1ntani, az b\u0171n, Igen!<\/p>\n<p>Gonosz szavakkal b\u00e1ntani azt<br \/>\nGonosz tettekben lelni vigaszt.<br \/>\nKi mindent eldob egy f\u00e1j\u00f3 seb\u00e9rt<br \/>\nMegfizet egyszer majd minden\u00e9rt&#8230;<\/p>\n<p><strong>Lunczner Gyula B\u00e9la<br \/>\n<\/strong>Kardosk\u00fat<\/p>\n<p><strong>Pr\u00f3za kateg\u00f3ria:<\/strong><strong><br \/>\n<\/strong>I. hely:<br \/>\nCzikora Andr\u00e1s (H\u00f3dmez\u0151v\u00e1s\u00e1rhely)<br \/>\nB\u00f3zs\u00f3 J\u00f3zsef (Szeged)<\/p>\n<p>II. hely:<br \/>\n\u00c1chim P\u00e1l (B\u00e9k\u00e9scsaba)<br \/>\nBorb\u00edr\u00f3 Lajos (F\u00fczesgyarmat)<br \/>\ndr. B\u00e1lintn\u00e9 \u00c1goston Ilona (Szeged)<\/p>\n<p>III. hely:<br \/>\nFabinyi G\u00e1born\u00e9 (Orosh\u00e1za)<br \/>\nN\u00e9metin\u00e9 Kodr\u00e1n Erzs\u00e9bet (Csan\u00e1dpalota)<br \/>\nSzendi J\u00e1nosn\u00e9 (Nagysz\u00e9n\u00e1s)<\/p>\n<p><strong>K\u00fcl\u00f6nd\u00edjasok:<br \/>\n<\/strong>Cs\u00e9fai Szelezs\u00e1n Gy\u00f6rgy (Battonya)<br \/>\nFekete J\u00e1nos (F\u00fczesgyarmat)<br \/>\nHorv\u00e1t J\u00e1nos (Battonya)<br \/>\nKar\u00e1csonyi L\u00e1szl\u00f3n\u00e9 (Gy\u00e1l)<br \/>\nKiss Horv\u00e1th S\u00e1ndor (Orosh\u00e1za)<br \/>\nS\u00e1nt\u00e1n\u00e9 Kurunczi M\u00e1ria (Szeged)<\/p>\n<p>&nbsp;<\/p>\n","protected":false},"excerpt":{"rendered":"<p>Az idei \u00e9vben is meghirdette a M\u00f3ra Ferenc M\u0171vel\u0151d\u00e9si H\u00e1z \u00e9s K\u00f6zs\u00e9gi K\u00f6nyvt\u00e1r a Nyugd\u00edjas Vers- \u00e9s Pr\u00f3za\u00edr\u00f3 P\u00e1ly\u00e1zat\u00e1t k\u00e9t kateg\u00f3ri\u00e1ban. Az idei megm\u00e9rettet\u00e9sre t\u00f6bb mint 50 p\u00e1ly\u00e1z\u00f3 adta be p\u00e1lyamunk\u00e1it vers- illetve pr\u00f3za kateg\u00f3ri\u00e1ban. A t\u00f6bbs\u00e9g\u00fckben a k\u00f6rnyez\u0151 megy\u00e9k telep\u00fcl\u00e9seir\u0151l be\u00e9rkezett p\u00e1lyam\u0171vek mellett a hat\u00e1rainkon t\u00falr\u00f3l is \u00e9rkezett p\u00e1ly\u00e1zat: kett\u0151 a testv\u00e9rtelep\u00fcl\u00e9seinkr\u0151l, illetve egy &hellip; <\/p>\n<p class=\"link-more\"><a href=\"https:\/\/www.kardoskut.hu\/?p=1126\" class=\"more-link\"><span class=\"screen-reader-text\">&#8222;Nyugd\u00edjas Vers- \u00e9s Pr\u00f3za\u00edr\u00f3 d\u00edjkioszt\u00f3&#8221;<\/span> b\u0151vebben<\/a><\/p>\n","protected":false},"author":1,"featured_media":0,"comment_status":"closed","ping_status":"closed","sticky":false,"template":"","format":"standard","meta":{"footnotes":""},"categories":[11],"tags":[],"class_list":["post-1126","post","type-post","status-publish","format-standard","hentry","category-11"],"_links":{"self":[{"href":"https:\/\/www.kardoskut.hu\/index.php?rest_route=\/wp\/v2\/posts\/1126","targetHints":{"allow":["GET"]}}],"collection":[{"href":"https:\/\/www.kardoskut.hu\/index.php?rest_route=\/wp\/v2\/posts"}],"about":[{"href":"https:\/\/www.kardoskut.hu\/index.php?rest_route=\/wp\/v2\/types\/post"}],"author":[{"embeddable":true,"href":"https:\/\/www.kardoskut.hu\/index.php?rest_route=\/wp\/v2\/users\/1"}],"replies":[{"embeddable":true,"href":"https:\/\/www.kardoskut.hu\/index.php?rest_route=%2Fwp%2Fv2%2Fcomments&post=1126"}],"version-history":[{"count":2,"href":"https:\/\/www.kardoskut.hu\/index.php?rest_route=\/wp\/v2\/posts\/1126\/revisions"}],"predecessor-version":[{"id":1128,"href":"https:\/\/www.kardoskut.hu\/index.php?rest_route=\/wp\/v2\/posts\/1126\/revisions\/1128"}],"wp:attachment":[{"href":"https:\/\/www.kardoskut.hu\/index.php?rest_route=%2Fwp%2Fv2%2Fmedia&parent=1126"}],"wp:term":[{"taxonomy":"category","embeddable":true,"href":"https:\/\/www.kardoskut.hu\/index.php?rest_route=%2Fwp%2Fv2%2Fcategories&post=1126"},{"taxonomy":"post_tag","embeddable":true,"href":"https:\/\/www.kardoskut.hu\/index.php?rest_route=%2Fwp%2Fv2%2Ftags&post=1126"}],"curies":[{"name":"wp","href":"https:\/\/api.w.org\/{rel}","templated":true}]}}